{"id":215501,"date":"2025-12-07T14:53:15","date_gmt":"2025-12-07T13:53:15","guid":{"rendered":"https:\/\/www.claresco-cosmetic.de\/kosmetik-blog\/?p=215501"},"modified":"2025-12-07T14:56:06","modified_gmt":"2025-12-07T13:56:06","slug":"starke-haut-starkes-ich","status":"publish","type":"post","link":"https:\/\/www.claresco-cosmetic.de\/kosmetik-blog\/starke-haut-starkes-ich\/","title":{"rendered":"Starke Haut, starkes Ich"},"content":{"rendered":"\n<div class=\"wp-block-columns is-layout-flex wp-container-core-columns-is-layout-9d6595d7 wp-block-columns-is-layout-flex\">\n<div class=\"wp-block-column is-vertically-aligned-stretch spalte-border-top-bottom is-layout-constrained wp-block-column-is-layout-constrained\" style=\"flex-basis:80%\">\n<div style=\"height:40px\" aria-hidden=\"true\" class=\"wp-block-spacer\"><\/div>\n\n\n\n<p>Warum Winterpflege viel mehr ist, als &#8222;nur eine reichhaltige Creme&#8220;<\/p>\n\n\n\n<p>Wenn es drau\u00dfen kalt, windig und grau ist, sp\u00fcren Sie das oft zuerst an Ihrer Haut \u2013 sie wirkt fahl, spannt, reagiert schneller gereizt. Gleichzeitig f\u00fchlen sich viele Menschen im Winter m\u00fcder, empfindlicher und gestresster. <\/p>\n\n\n\n<p>Moderne Winterpflege sch\u00fctzt deshalb nicht nur die Haut, sondern unterst\u00fctzt das gesamte System: Haut, Nervensystem und Immunsystem arbeiten zusammen.<\/p>\n\n\n\n<p><\/p>\n\n\n\n<div style=\"height:40px\" aria-hidden=\"true\" class=\"wp-block-spacer\"><\/div>\n<\/div>\n\n\n\n<div class=\"wp-block-column is-vertically-aligned-stretch has-background is-layout-constrained wp-container-core-column-is-layout-9b49cc9d wp-block-column-is-layout-constrained\" style=\"background-color:#f7f5f6;flex-basis:50%\">\n<div style=\"height:15px\" aria-hidden=\"true\" class=\"wp-block-spacer\"><\/div>\n\n\n\n<div class=\"wp-block-group is-layout-constrained wp-block-group-is-layout-constrained\">\n<div class=\"wp-block-rank-math-toc-block mein-inhaltsverzeichnis1\" id=\"rank-math-toc\"><div>Inhaltsverzeichnis<\/div><nav><ul><li class=\"\"><a href=\"#innere-pflege-fur-strahlende-schonheit-1\">Wenn die Haut zeigt, wie es Ihnen geht<\/a><\/li><li class=\"\"><a href=\"#innere-pflege-fur-strahlende-schonheit\">Barriere st\u00e4rken, nicht zukleistern<\/a><\/li><li class=\"\"><a href=\"#innere-pflege-fur-strahlende-schonheit-1-1\">Warum wir Rosel Heim und Pharmos Natur lieben<\/a><\/li><li class=\"\"><a href=\"#deine-tagliche-pflegeroutine\">Rosel Heim: regulativ statt &#8222;symptomatisch&#8220;<\/a><\/li><li class=\"\"><a href=\"#deine-tagliche-pflegeroutine-1-2\">Pharmos Natur: lebendige Pflanzenkraft &amp; Aloe Vera<\/a><\/li><li class=\"\"><a href=\"#deine-tagliche-pflegeroutine-1-1\">Das Claresco Wintertreatment \nEin Reset f\u00fcr Haut und Seele<\/a><\/li><li class=\"\"><a href=\"#deine-tagliche-pflegeroutine-1-1-1\">Winterrituale f\u00fcr Zuhause\nEinfach, aber wirkungsvoll<\/a><\/li><\/ul><\/nav><\/div>\n<\/div>\n<\/div>\n<\/div>\n\n\n\n<div style=\"height:100px\" aria-hidden=\"true\" class=\"wp-block-spacer\"><\/div>\n\n\n\n<h3 class=\"wp-block-heading\" id=\"innere-pflege-fur-strahlende-schonheit-1\">Wenn die Haut zeigt, wie es Ihnen geht<\/h3>\n\n\n\n<div style=\"height:20px\" aria-hidden=\"true\" class=\"wp-block-spacer\"><\/div>\n\n\n\n<div class=\"wp-block-columns is-layout-flex wp-container-core-columns-is-layout-9d6595d7 wp-block-columns-is-layout-flex\">\n<div class=\"wp-block-column is-vertically-aligned-stretch is-layout-constrained wp-block-column-is-layout-constrained\" style=\"flex-basis:80%\">\n<p>Im Winter treffen mehrere Belastungen gleichzeitig aufeinander: K\u00e4lte, trockene Heizungsluft, starke Temperaturspr\u00fcnge und weniger Tageslicht. Dazu kommt oft mehr mentaler Stress \u2013 und all das spiegelt sich in Ihrer Haut wider: R\u00f6tungen, Trockenheit, Juckreiz oder Unreinheiten sind h\u00e4ufig Zeichen, dass der Organismus insgesamt gefordert ist.<\/p>\n\n\n\n<p>Ganzheitliche Winterpflege bedeutet deshalb, Ihrer Haut nicht nur \u201eetwas draufzugeben\u201c, sondern sie als Teil dieses Systems zu verstehen. Kleine Pausen, bewusste Pflegerituale und eine abgestimmte Pflege helfen, dass Ihre Haut gelassener auf \u00e4u\u00dfere und innere Reize reagieren kann.<\/p>\n\n\n\n<div style=\"height:100px\" aria-hidden=\"true\" class=\"wp-block-spacer\"><\/div>\n<\/div>\n\n\n\n<div class=\"wp-block-column is-vertically-aligned-stretch is-layout-constrained wp-container-core-column-is-layout-9b49cc9d wp-block-column-is-layout-constrained\" style=\"flex-basis:15%\"><\/div>\n<\/div>\n\n\n\n<h3 class=\"wp-block-heading\" id=\"innere-pflege-fur-strahlende-schonheit\">Barriere st\u00e4rken, nicht zukleistern<\/h3>\n\n\n\n<div style=\"height:20px\" aria-hidden=\"true\" class=\"wp-block-spacer\"><\/div>\n\n\n\n<div class=\"wp-block-columns is-layout-flex wp-container-core-columns-is-layout-9d6595d7 wp-block-columns-is-layout-flex\">\n<div class=\"wp-block-column is-vertically-aligned-bottom is-content-justification-center is-layout-constrained wp-block-column-is-layout-constrained\" style=\"flex-basis:50%\">\n<div style=\"height:20px\" aria-hidden=\"true\" class=\"wp-block-spacer\"><\/div>\n\n\n\n<p>Die Hautbarriere ist im Winter Ihr wichtigster Schutzschild. Sie h\u00e4lt Feuchtigkeit in der Haut und wehrt Reize von au\u00dfen ab. <\/p>\n\n\n\n<p>Wird sie durch zu aggressive Reinigung, zu viele oder unpassende Produkte und trockene Luft geschw\u00e4cht, reagiert die Haut immer empfindlicher.<\/p>\n\n\n\n<p>Statt einfach nur reichhaltigere Creme zu verwenden, braucht es eine milde, gut durchdachte Routine: sanfte Reinigung, feuchtigkeitsbindende Wirkstoffe, hautverwandte Lipide und Pflege, die das nat\u00fcrliche Mikrobiom respektiert. <\/p>\n\n\n\n<p>So unterst\u00fctzen Sie Ihre Haut dabei, ihren eigenen Schutzschild wieder aufzubauen \u2013 die beste Voraussetzung daf\u00fcr, dass sie Winterstress gelassener wegsteckt.<\/p>\n\n\n\n<div style=\"height:40px\" aria-hidden=\"true\" class=\"wp-block-spacer\"><\/div>\n\n\n\n<hr class=\"wp-block-separator has-alpha-channel-opacity is-style-wide is-style-wide-custom\"\/>\n<\/div>\n\n\n\n<div class=\"wp-block-column is-vertically-aligned-bottom is-layout-constrained wp-container-core-column-is-layout-d0f0a7ee wp-block-column-is-layout-constrained\" style=\"flex-basis:50%\">\n<figure class=\"wp-block-image size-large\"><img loading=\"lazy\" decoding=\"async\" width=\"737\" height=\"1024\" src=\"https:\/\/www.claresco-cosmetic.de\/kosmetik-blog\/wp-content\/uploads\/2025\/12\/Starke-Haut-Claresco-Cosmetic-737x1024.webp\" alt=\"\" class=\"wp-image-215504\"\/><\/figure>\n<\/div>\n<\/div>\n\n\n\n<div style=\"height:100px\" aria-hidden=\"true\" class=\"wp-block-spacer\"><\/div>\n\n\n\n<div style=\"height:20px\" aria-hidden=\"true\" class=\"wp-block-spacer\"><\/div>\n\n\n\n<h3 class=\"wp-block-heading\" id=\"innere-pflege-fur-strahlende-schonheit-1-1\">Warum wir Rosel Heim und Pharmos Natur lieben<\/h3>\n\n\n\n<div style=\"height:20px\" aria-hidden=\"true\" class=\"wp-block-spacer\"><\/div>\n\n\n\n<div class=\"wp-block-columns is-layout-flex wp-container-core-columns-is-layout-9d6595d7 wp-block-columns-is-layout-flex\">\n<div class=\"wp-block-column is-vertically-aligned-bottom is-layout-constrained wp-block-column-is-layout-constrained\" style=\"flex-basis:50%\">\n<div style=\"height:40px\" aria-hidden=\"true\" class=\"wp-block-spacer\"><\/div>\n\n\n\n<p>Im Winter zeigt sich besonders deutlich, ob eine Pflege nur kurzfristig beruhigt oder Ihre Haut wirklich unterst\u00fctzt. Deshalb arbeiten wir im Claresco vor allem mit zwei Marken, die unsere Philosophie perfekt widerspiegeln: <\/p>\n\n\n\n<p>Rosel Heim natur&amp;science und Pharmos Natur. Beide setzen auf stimmige und sanfte Konzepte, die die nat\u00fcrlichen Funktionen Ihrer Haut respektieren und st\u00e4rken.<\/p>\n\n\n\n<div style=\"height:60px\" aria-hidden=\"true\" class=\"wp-block-spacer\"><\/div>\n\n\n\n<hr class=\"wp-block-separator has-alpha-channel-opacity is-style-wide is-style-wide-custom\"\/>\n<\/div>\n\n\n\n<div class=\"wp-block-column is-vertically-aligned-bottom is-layout-constrained wp-container-core-column-is-layout-d0f0a7ee wp-block-column-is-layout-constrained\" style=\"flex-basis:50%\">\n<figure class=\"wp-block-image size-large\"><img loading=\"lazy\" decoding=\"async\" width=\"1024\" height=\"1024\" src=\"https:\/\/www.claresco-cosmetic.de\/kosmetik-blog\/wp-content\/uploads\/2025\/12\/Starke-Haut-Serum-Claresco-Cosmetic-1024x1024.webp\" alt=\"\" class=\"wp-image-215519\" srcset=\"https:\/\/www.claresco-cosmetic.de\/kosmetik-blog\/wp-content\/uploads\/2025\/12\/Starke-Haut-Serum-Claresco-Cosmetic-980x980.webp 980w, https:\/\/www.claresco-cosmetic.de\/kosmetik-blog\/wp-content\/uploads\/2025\/12\/Starke-Haut-Serum-Claresco-Cosmetic-480x480.webp 480w\" sizes=\"(min-width: 0px) and (max-width: 480px) 480px, (min-width: 481px) and (max-width: 980px) 980px, (min-width: 981px) 1024px, 100vw\" \/><\/figure>\n<\/div>\n<\/div>\n\n\n\n<div style=\"height:100px\" aria-hidden=\"true\" class=\"wp-block-spacer\"><\/div>\n\n\n\n<h3 class=\"wp-block-heading\" id=\"deine-tagliche-pflegeroutine\">Rosel Heim: regulativ statt &#8222;symptomatisch&#8220;<\/h3>\n\n\n\n<div style=\"height:20px\" aria-hidden=\"true\" class=\"wp-block-spacer\"><\/div>\n\n\n\n<div class=\"wp-block-columns is-layout-flex wp-container-core-columns-is-layout-9d6595d7 wp-block-columns-is-layout-flex\">\n<div class=\"wp-block-column is-vertically-aligned-stretch is-layout-constrained wp-block-column-is-layout-constrained\" style=\"flex-basis:80%\">\n<p>Rosel Heim versteht die Haut als Teil eines vernetzten Systems \u2013 im Austausch mit Nerven-, Hormon- und Immunsystem. Ziel ist es, ihre eigenen Funktionen zu st\u00e4rken, statt Symptome nur zu \u00fcberdecken. F\u00fcr Ihre Winterhaut bedeutet das:<\/p>\n\n\n\n<div style=\"height:20px\" aria-hidden=\"true\" class=\"wp-block-spacer\"><\/div>\n\n\n\n<ul class=\"wp-block-list\">\n<li>milde, hautidentische Pflege, die Hydrolipidfilm und Mikrobiom respektiert<br><\/li>\n<\/ul>\n\n\n\n<ul class=\"wp-block-list\">\n<li>Produkte, die die Barriere aufbauen, anstatt sie durch starke Peelings oder aggressive Tenside weiter zu schw\u00e4chen<\/li>\n<\/ul>\n\n\n\n<div style=\"height:20px\" aria-hidden=\"true\" class=\"wp-block-spacer\"><\/div>\n\n\n\n<p>Gerade empfindliche, ger\u00f6tete oder \u201e\u00fcberpflegte\u201c Haut wird mit diesem Ansatz sichtbar ruhiger und belastbarer.<\/p>\n\n\n\n<div style=\"height:20px\" aria-hidden=\"true\" class=\"wp-block-spacer\"><\/div>\n\n\n\n<div class=\"wp-block-divi-layout\">[et_pb_section fb_built=&#8220;1&#8243; admin_label=&#8220;section&#8220; _builder_version=&#8220;4.27.4&#8243; background_color=&#8220;RGBA(255,255,255,0)&#8220; custom_padding=&#8220;20px||10px||false|false&#8220; global_colors_info=&#8220;{}&#8220;][et_pb_row admin_label=&#8220;row&#8220; _builder_version=&#8220;4.27.4&#8243; background_size=&#8220;initial&#8220; background_position=&#8220;top_left&#8220; background_repeat=&#8220;repeat&#8220; width=&#8220;100%&#8220; max_width=&#8220;100%&#8220; custom_padding=&#8220;0px||0px||false|false&#8220; global_colors_info=&#8220;{}&#8220;][et_pb_column type=&#8220;4_4&#8243; _builder_version=&#8220;4.16&#8243; custom_padding=&#8220;|||&#8220; global_colors_info=&#8220;{}&#8220; custom_padding__hover=&#8220;|||&#8220;][et_pb_button button_url=&#8220;https:\/\/www.claresco-cosmetic.de\/kosmetik-shop\/produkt-kategorie\/marken\/rosel-heim\/alle-rosel-heim-produkte\/&#8220; button_text=&#8220;Produkte ansehen&#8220; _builder_version=&#8220;4.27.4&#8243; _module_preset=&#8220;default&#8220; custom_button=&#8220;on&#8220; button_text_size=&#8220;1rem&#8220; button_text_color=&#8220;#ffffff&#8220; button_bg_color=&#8220;#c59992&#8243; button_border_width=&#8220;0px&#8220; button_border_radius=&#8220;50px&#8220; button_letter_spacing=&#8220;1px&#8220; button_font=&#8220;||||||||&#8220; button_text_size_tablet=&#8220;1rem&#8220; button_text_size_phone=&#8220;0.8rem&#8220; button_text_size_last_edited=&#8220;on|phone&#8220; button_bg_color_tablet=&#8220;gcid-primary-color&#8220; button_bg_color_phone=&#8220;gcid-primary-color&#8220; button_bg_color_last_edited=&#8220;on|desktop&#8220; saved_tabs=&#8220;all&#8220; template_type=&#8220;module&#8220; global_colors_info=&#8220;{%22gcid-primary-color%22:%91%22button_bg_color%22%93,%22gcid-a342b6de-f542-4dc3-bc83-0343e40c386b%22:%91%22button_text_color%22%93,%22gcid-81c215f0-5134-4f6f-bbb9-4b8f148cc45a%22:%91%22button_bg_color__hover%22%93}&#8220; button_bg_color__hover_enabled=&#8220;on|desktop&#8220; button_bg_color__hover=&#8220;#6b4a55&#8243; button_bg_enable_color__hover=&#8220;on&#8220; button_border_width__hover_enabled=&#8220;on|desktop&#8220; button_border_width__hover=&#8220;-1px&#8220;][\/et_pb_button][\/et_pb_column][\/et_pb_row][\/et_pb_section]<\/div>\n<\/div>\n\n\n\n<div class=\"wp-block-column is-vertically-aligned-stretch is-layout-constrained wp-container-core-column-is-layout-9b49cc9d wp-block-column-is-layout-constrained\" style=\"flex-basis:15%\"><\/div>\n<\/div>\n\n\n\n<div style=\"height:100px\" aria-hidden=\"true\" class=\"wp-block-spacer\"><\/div>\n\n\n\n<h3 class=\"wp-block-heading\" id=\"deine-tagliche-pflegeroutine-1-2\">Pharmos Natur: lebendige Pflanzenkraft &amp; Aloe Vera<\/h3>\n\n\n\n<div class=\"wp-block-columns is-layout-flex wp-container-core-columns-is-layout-9d6595d7 wp-block-columns-is-layout-flex\">\n<div class=\"wp-block-column is-vertically-aligned-stretch is-layout-constrained wp-block-column-is-layout-constrained\" style=\"flex-basis:80%\">\n<div style=\"height:20px\" aria-hidden=\"true\" class=\"wp-block-spacer\"><\/div>\n\n\n\n<p>Pharmos Natur erg\u00e4nzt diesen Ansatz mit intensiver Pflanzenkraft. In den Formulierungen ersetzt reiner Aloe Vera BioUrsaft das \u00fcbliche Wasser. Die Aloe spendet tiefgehende Feuchtigkeit und transportiert wertvolle Pflanzenwirkstoffe in die Haut.<\/p>\n\n\n\n<p>Was wir besonders sch\u00e4tzen:<\/p>\n\n\n\n<div style=\"height:20px\" aria-hidden=\"true\" class=\"wp-block-spacer\"><\/div>\n\n\n\n<ul class=\"wp-block-list\">\n<li>intensive Durchfeuchtung ohne schweres Cremegef\u00fchl<\/li>\n<\/ul>\n\n\n\n<ul class=\"wp-block-list\">\n<li>beruhigende, regenerierende Pflanzenextrakte, die trockene, gespannte Haut wieder weich und geschmeidig machen<\/li>\n<\/ul>\n\n\n\n<div style=\"height:20px\" aria-hidden=\"true\" class=\"wp-block-spacer\"><\/div>\n\n\n\n<div class=\"wp-block-divi-layout\">[et_pb_section fb_built=&#8220;1&#8243; admin_label=&#8220;section&#8220; _builder_version=&#8220;4.27.4&#8243; background_color=&#8220;RGBA(255,255,255,0)&#8220; custom_padding=&#8220;20px||10px||false|false&#8220; global_colors_info=&#8220;{}&#8220; theme_builder_area=&#8220;post_content&#8220;][et_pb_row admin_label=&#8220;row&#8220; _builder_version=&#8220;4.27.4&#8243; background_size=&#8220;initial&#8220; background_position=&#8220;top_left&#8220; background_repeat=&#8220;repeat&#8220; width=&#8220;100%&#8220; max_width=&#8220;100%&#8220; custom_padding=&#8220;0px||0px||false|false&#8220; global_colors_info=&#8220;{}&#8220; theme_builder_area=&#8220;post_content&#8220;][et_pb_column type=&#8220;4_4&#8243; _builder_version=&#8220;4.16&#8243; custom_padding=&#8220;|||&#8220; global_colors_info=&#8220;{}&#8220; custom_padding__hover=&#8220;|||&#8220; theme_builder_area=&#8220;post_content&#8220;][et_pb_button button_url=&#8220;https:\/\/www.claresco-cosmetic.de\/kosmetik-shop\/produkt-kategorie\/marken\/pharmos-natur\/pharmos-alle-naturkosmetik\/&#8220; button_text=&#8220;Produkte ansehen&#8220; _builder_version=&#8220;4.27.4&#8243; _module_preset=&#8220;default&#8220; custom_button=&#8220;on&#8220; button_text_size=&#8220;1rem&#8220; button_text_color=&#8220;#ffffff&#8220; button_bg_color=&#8220;#c59992&#8243; button_border_width=&#8220;0px&#8220; button_border_radius=&#8220;50px&#8220; button_letter_spacing=&#8220;1px&#8220; button_font=&#8220;||||||||&#8220; hover_enabled=&#8220;0&#8243; button_text_size_tablet=&#8220;1rem&#8220; button_text_size_phone=&#8220;0.8rem&#8220; button_text_size_last_edited=&#8220;on|phone&#8220; button_bg_color_tablet=&#8220;gcid-primary-color&#8220; button_bg_color_phone=&#8220;gcid-primary-color&#8220; button_bg_color_last_edited=&#8220;on|desktop&#8220; saved_tabs=&#8220;all&#8220; template_type=&#8220;module&#8220; global_colors_info=&#8220;{%22gcid-primary-color%22:%91%22button_bg_color%22%93,%22gcid-a342b6de-f542-4dc3-bc83-0343e40c386b%22:%91%22button_text_color%22%93,%22gcid-81c215f0-5134-4f6f-bbb9-4b8f148cc45a%22:%91%22button_bg_color__hover%22%93}&#8220; button_bg_color__hover_enabled=&#8220;on|desktop&#8220; button_bg_color__hover=&#8220;#6b4a55&#8243; button_bg_enable_color__hover=&#8220;on&#8220; button_border_width__hover_enabled=&#8220;on|desktop&#8220; button_border_width__hover=&#8220;-1px&#8220; theme_builder_area=&#8220;post_content&#8220; sticky_enabled=&#8220;0&#8243;][\/et_pb_button][\/et_pb_column][\/et_pb_row][\/et_pb_section]<\/div>\n<\/div>\n\n\n\n<div class=\"wp-block-column is-vertically-aligned-stretch is-layout-constrained wp-container-core-column-is-layout-9b49cc9d wp-block-column-is-layout-constrained\" style=\"flex-basis:15%\"><\/div>\n<\/div>\n\n\n\n<div style=\"height:100px\" aria-hidden=\"true\" class=\"wp-block-spacer\"><\/div>\n\n\n\n<div class=\"wp-block-columns is-layout-flex wp-container-core-columns-is-layout-9d6595d7 wp-block-columns-is-layout-flex\">\n<div class=\"wp-block-column is-vertically-aligned-stretch spalte-border-top-bottom is-layout-constrained wp-block-column-is-layout-constrained\" style=\"flex-basis:50%\">\n<div style=\"height:60px\" aria-hidden=\"true\" class=\"wp-block-spacer\"><\/div>\n\n\n\n<p><em><strong>Aus unserer langj\u00e4hrigen Erfahrung wissen wir: <\/strong><br><\/em><\/p>\n\n\n\n<p><em>Die regulative Hauttherapie nach Rosel-Heim und die lebendige 100% Natur Kosmetik von Pharmos Natur, macht Winterhaut widerstandsf\u00e4higer, ausgeglichener und sorgt f\u00fcr diesen entspannten \u201eIch-f\u00fchle-mich-wieder-wohl-in-meiner-Haut\u201c-Effekt.<\/em><\/p>\n\n\n\n<div style=\"height:50px\" aria-hidden=\"true\" class=\"wp-block-spacer\"><\/div>\n<\/div>\n\n\n\n<div class=\"wp-block-column is-vertically-aligned-stretch is-layout-constrained wp-container-core-column-is-layout-d0f0a7ee wp-block-column-is-layout-constrained\" style=\"flex-basis:50%\">\n<figure class=\"wp-block-image size-large\"><img loading=\"lazy\" decoding=\"async\" width=\"1024\" height=\"1024\" src=\"https:\/\/www.claresco-cosmetic.de\/kosmetik-blog\/wp-content\/uploads\/2025\/12\/Starke-Haut-Treatment2-Claresco-Cosmetic-1024x1024.webp\" alt=\"\" class=\"wp-image-215520\" srcset=\"https:\/\/www.claresco-cosmetic.de\/kosmetik-blog\/wp-content\/uploads\/2025\/12\/Starke-Haut-Treatment2-Claresco-Cosmetic-980x980.webp 980w, https:\/\/www.claresco-cosmetic.de\/kosmetik-blog\/wp-content\/uploads\/2025\/12\/Starke-Haut-Treatment2-Claresco-Cosmetic-480x480.webp 480w\" sizes=\"(min-width: 0px) and (max-width: 480px) 480px, (min-width: 481px) and (max-width: 980px) 980px, (min-width: 981px) 1024px, 100vw\" \/><\/figure>\n<\/div>\n<\/div>\n\n\n\n<div style=\"height:100px\" aria-hidden=\"true\" class=\"wp-block-spacer\"><\/div>\n\n\n\n<h3 class=\"wp-block-heading\" id=\"deine-tagliche-pflegeroutine-1-1\">Das Claresco Wintertreatment <br>Ein Reset f\u00fcr Haut und Seele<\/h3>\n\n\n\n<div style=\"height:0px\" aria-hidden=\"true\" class=\"wp-block-spacer\"><\/div>\n\n\n\n<div class=\"wp-block-columns is-layout-flex wp-container-core-columns-is-layout-9d6595d7 wp-block-columns-is-layout-flex\">\n<div class=\"wp-block-column is-vertically-aligned-stretch is-layout-constrained wp-block-column-is-layout-constrained\" style=\"flex-basis:80%\">\n<div style=\"height:20px\" aria-hidden=\"true\" class=\"wp-block-spacer\"><\/div>\n\n\n\n<p>Unser Wintertreatment ist viel mehr als eine \u201eSpezialbehandlung f\u00fcr die kalte Jahreszeit\u201c. Stellen Sie es sich als wohltuenden Reset vor: f\u00fcr Ihre Haut, Ihre Sinne und Ihr Nervensystem.<\/p>\n\n\n\n<p>W\u00e4hrend Sie es sich bequem machen und den Alltag drau\u00dfen lassen, arbeiten wir in mehreren Schritten:<\/p>\n\n\n\n<ul class=\"wp-block-list\">\n<li>sanfte, barriereschonende Reinigung und Vorbereitung der Haut<\/li>\n<\/ul>\n\n\n\n<ul class=\"wp-block-list\">\n<li>intensiv feuchtigkeits- und regenerierende Masken und Wirkstoffkomplexe<\/li>\n<\/ul>\n\n\n\n<ul class=\"wp-block-list\">\n<li>individuelle Produktauswahl, angepasst an die jeweiligen Hautkonditionen<\/li>\n<\/ul>\n\n\n\n<ul class=\"wp-block-list\">\n<li>beruhigende Massagegriffe, die Durchblutung und Lymphfluss anregen und gleichzeitig das Nervensystem entspannen<\/li>\n<\/ul>\n\n\n\n<div style=\"height:20px\" aria-hidden=\"true\" class=\"wp-block-spacer\"><\/div>\n\n\n\n<p>Nach dieser Behandlung f\u00fchlt sich Ihre Haut nicht nur geschmeidiger und beruhigter an \u2013 viele KundInnen erleben auch ein tiefes Gef\u00fchl von innerer Ruhe und \u201ewieder bei sich ankommen\u201c. Genau diese Verbindung von \u00e4u\u00dferer Sch\u00f6nheit und innerer Balance ist uns wichtig.<\/p>\n\n\n\n<div style=\"height:20px\" aria-hidden=\"true\" class=\"wp-block-spacer\"><\/div>\n\n\n\n<div class=\"wp-block-divi-layout\">[et_pb_section fb_built=&#8220;1&#8243; admin_label=&#8220;section&#8220; _builder_version=&#8220;4.27.4&#8243; background_color=&#8220;RGBA(255,255,255,0)&#8220; custom_padding=&#8220;20px||10px||false|false&#8220; global_colors_info=&#8220;{}&#8220; theme_builder_area=&#8220;post_content&#8220;][et_pb_row admin_label=&#8220;row&#8220; _builder_version=&#8220;4.27.4&#8243; background_size=&#8220;initial&#8220; background_position=&#8220;top_left&#8220; background_repeat=&#8220;repeat&#8220; width=&#8220;100%&#8220; max_width=&#8220;100%&#8220; custom_padding=&#8220;0px||0px||false|false&#8220; global_colors_info=&#8220;{}&#8220; theme_builder_area=&#8220;post_content&#8220;][et_pb_column type=&#8220;4_4&#8243; _builder_version=&#8220;4.16&#8243; custom_padding=&#8220;|||&#8220; global_colors_info=&#8220;{}&#8220; custom_padding__hover=&#8220;|||&#8220; theme_builder_area=&#8220;post_content&#8220;][et_pb_button button_url=&#8220;https:\/\/www.claresco-cosmetic.de\/kosmetik-shop\/produkt-kategorie\/termine\/termine-gesicht\/&#8220; button_text=&#8220;Treatment buchen&#8220; _builder_version=&#8220;4.27.4&#8243; _module_preset=&#8220;default&#8220; custom_button=&#8220;on&#8220; button_text_size=&#8220;1rem&#8220; button_text_color=&#8220;#ffffff&#8220; button_bg_color=&#8220;#c59992&#8243; button_border_width=&#8220;0px&#8220; button_border_radius=&#8220;50px&#8220; button_letter_spacing=&#8220;1px&#8220; button_font=&#8220;||||||||&#8220; hover_enabled=&#8220;0&#8243; button_text_size_tablet=&#8220;1rem&#8220; button_text_size_phone=&#8220;0.8rem&#8220; button_text_size_last_edited=&#8220;on|phone&#8220; button_bg_color_tablet=&#8220;gcid-primary-color&#8220; button_bg_color_phone=&#8220;gcid-primary-color&#8220; button_bg_color_last_edited=&#8220;on|desktop&#8220; saved_tabs=&#8220;all&#8220; template_type=&#8220;module&#8220; global_colors_info=&#8220;{%22gcid-primary-color%22:%91%22button_bg_color%22%93,%22gcid-a342b6de-f542-4dc3-bc83-0343e40c386b%22:%91%22button_text_color%22%93,%22gcid-81c215f0-5134-4f6f-bbb9-4b8f148cc45a%22:%91%22button_bg_color__hover%22%93}&#8220; button_bg_color__hover_enabled=&#8220;on|desktop&#8220; button_bg_color__hover=&#8220;#6b4a55&#8243; button_bg_enable_color__hover=&#8220;on&#8220; button_border_width__hover_enabled=&#8220;on|desktop&#8220; button_border_width__hover=&#8220;-1px&#8220; theme_builder_area=&#8220;post_content&#8220; sticky_enabled=&#8220;0&#8243;][\/et_pb_button][\/et_pb_column][\/et_pb_row][\/et_pb_section]<\/div>\n<\/div>\n\n\n\n<div class=\"wp-block-column is-vertically-aligned-stretch is-layout-constrained wp-container-core-column-is-layout-9b49cc9d wp-block-column-is-layout-constrained\" style=\"flex-basis:15%\"><\/div>\n<\/div>\n\n\n\n<div style=\"height:100px\" aria-hidden=\"true\" class=\"wp-block-spacer\"><\/div>\n\n\n\n<figure class=\"wp-block-image size-large\"><img loading=\"lazy\" decoding=\"async\" width=\"1024\" height=\"614\" src=\"https:\/\/www.claresco-cosmetic.de\/kosmetik-blog\/wp-content\/uploads\/2025\/12\/Starke-Haut-Winterwald-Claresco-Cosmetic-1024x614.webp\" alt=\"\" class=\"wp-image-215512\" srcset=\"https:\/\/www.claresco-cosmetic.de\/kosmetik-blog\/wp-content\/uploads\/2025\/12\/Starke-Haut-Winterwald-Claresco-Cosmetic-980x588.webp 980w, https:\/\/www.claresco-cosmetic.de\/kosmetik-blog\/wp-content\/uploads\/2025\/12\/Starke-Haut-Winterwald-Claresco-Cosmetic-480x288.webp 480w\" sizes=\"(min-width: 0px) and (max-width: 480px) 480px, (min-width: 481px) and (max-width: 980px) 980px, (min-width: 981px) 1024px, 100vw\" \/><\/figure>\n\n\n\n<div style=\"height:100px\" aria-hidden=\"true\" class=\"wp-block-spacer\"><\/div>\n\n\n\n<h3 class=\"wp-block-heading\" id=\"deine-tagliche-pflegeroutine-1-1-1\">Winterrituale f\u00fcr Zuhause<br>Einfach, aber wirkungsvoll<\/h3>\n\n\n\n<div style=\"height:20px\" aria-hidden=\"true\" class=\"wp-block-spacer\"><\/div>\n\n\n\n<p>Damit der Effekt des Wintertreatments lange anh\u00e4lt, empfehlen wir Ihnen kleine Rituale f\u00fcr Ihren Alltag:<\/p>\n\n\n\n<ul class=\"wp-block-list\">\n<li>Starten Sie den Tag mit lauwarmem Wasser oder Tee, um den K\u00f6rper sanft zu aktivieren.<\/li>\n<\/ul>\n\n\n\n<ul class=\"wp-block-list\">\n<li>Reinigen Sie Ihr Gesicht abends mild und g\u00f6nnen Sie sich eine kurze Massage mit Serum oder \u00d6l.<\/li>\n<\/ul>\n\n\n\n<ul class=\"wp-block-list\">\n<li>Verwenden Sie regelm\u00e4\u00dfig eine feuchtigkeitsspendende Maske \u2013 die wie ein Glas Wasser von au\u00dfen f\u00fcr Ihre Haut wirkt.<\/li>\n<\/ul>\n\n\n\n<ul class=\"wp-block-list\">\n<li>Sch\u00fctzen Sie Ihr Gesicht und Ihre Lippen vor dem Rausgehen mit einer passenden Schutzpflege.<\/li>\n<\/ul>\n\n\n\n<div style=\"height:20px\" aria-hidden=\"true\" class=\"wp-block-spacer\"><\/div>\n\n\n\n<p>Wenn Sie sp\u00fcren, dass Ihre Haut im Winter schneller an ihre Grenzen kommt, lassen Sie sich gern pers\u00f6nlich beraten oder buchen Sie Ihr Wintertreatment. Gemeinsam finden wir Ihre individuelle Kombination, die zu Ihrer Haut, Ihrem Alltag und Ihrem Bed\u00fcrfnis nach Ruhe passt.<\/p>\n\n\n\n<div style=\"height:50px\" aria-hidden=\"true\" class=\"wp-block-spacer\"><\/div>\n\n\n\n<p><strong>Und falls Sie nicht aus unserer N\u00e4he kommen<\/strong>, sind Sie nat\u00fcrlich trotzdem herzlich willkommen: In einem pers\u00f6nlichen Online-Termin (oder auch ohne Termin) k\u00f6nnen wir Ihre Haut ausf\u00fchrlich besprechen, Ihre derzeitige Pflege gemeinsam durchgehen und Ihnen eine auf Sie zugeschnittene Winterroutine mit passenden Produkten zusammenstellen. So profitieren Sie von unserer Erfahrung und Betreuung \u2013 ganz bequem von zu Hause aus.<\/p>\n\n\n\n<div style=\"height:20px\" aria-hidden=\"true\" class=\"wp-block-spacer\"><\/div>\n\n\n\n<div class=\"wp-block-divi-layout\">[et_pb_section fb_built=&#8220;1&#8243; admin_label=&#8220;section&#8220; _builder_version=&#8220;4.27.4&#8243; background_color=&#8220;RGBA(255,255,255,0)&#8220; custom_padding=&#8220;20px||10px||false|false&#8220; global_colors_info=&#8220;{}&#8220; theme_builder_area=&#8220;post_content&#8220;][et_pb_row admin_label=&#8220;row&#8220; _builder_version=&#8220;4.27.4&#8243; background_size=&#8220;initial&#8220; background_position=&#8220;top_left&#8220; background_repeat=&#8220;repeat&#8220; width=&#8220;100%&#8220; max_width=&#8220;100%&#8220; custom_padding=&#8220;0px||0px||false|false&#8220; global_colors_info=&#8220;{}&#8220; theme_builder_area=&#8220;post_content&#8220;][et_pb_column type=&#8220;4_4&#8243; _builder_version=&#8220;4.16&#8243; custom_padding=&#8220;|||&#8220; global_colors_info=&#8220;{}&#8220; custom_padding__hover=&#8220;|||&#8220; theme_builder_area=&#8220;post_content&#8220;][et_pb_button button_url=&#8220;https:\/\/www.claresco-cosmetic.de\/kosmetik-shop\/produkt-kategorie\/termine\/beratung-coaching\/&#8220; button_text=&#8220;Online-Beratungen&#8220; _builder_version=&#8220;4.27.4&#8243; _module_preset=&#8220;default&#8220; custom_button=&#8220;on&#8220; button_text_size=&#8220;1rem&#8220; button_text_color=&#8220;#ffffff&#8220; button_bg_color=&#8220;#c59992&#8243; button_border_width=&#8220;0px&#8220; button_border_radius=&#8220;50px&#8220; button_letter_spacing=&#8220;1px&#8220; button_font=&#8220;||||||||&#8220; hover_enabled=&#8220;0&#8243; button_text_size_tablet=&#8220;1rem&#8220; button_text_size_phone=&#8220;0.8rem&#8220; button_text_size_last_edited=&#8220;on|phone&#8220; button_bg_color_tablet=&#8220;gcid-primary-color&#8220; button_bg_color_phone=&#8220;gcid-primary-color&#8220; button_bg_color_last_edited=&#8220;on|desktop&#8220; saved_tabs=&#8220;all&#8220; template_type=&#8220;module&#8220; global_colors_info=&#8220;{%22gcid-primary-color%22:%91%22button_bg_color%22%93,%22gcid-a342b6de-f542-4dc3-bc83-0343e40c386b%22:%91%22button_text_color%22%93,%22gcid-81c215f0-5134-4f6f-bbb9-4b8f148cc45a%22:%91%22button_bg_color__hover%22%93}&#8220; button_bg_color__hover_enabled=&#8220;on|desktop&#8220; button_bg_color__hover=&#8220;#6b4a55&#8243; button_bg_enable_color__hover=&#8220;on&#8220; button_border_width__hover_enabled=&#8220;on|desktop&#8220; button_border_width__hover=&#8220;-1px&#8220; theme_builder_area=&#8220;post_content&#8220; sticky_enabled=&#8220;0&#8243;][\/et_pb_button][\/et_pb_column][\/et_pb_row][\/et_pb_section]<\/div>\n\n\n\n<div style=\"height:20px\" aria-hidden=\"true\" class=\"wp-block-spacer\"><\/div>\n","protected":false},"excerpt":{"rendered":"<p>Warum Winterpflege viel mehr ist, als &#8222;nur eine reichhaltige Creme&#8220; Wenn es drau\u00dfen kalt, windig und grau ist, sp\u00fcren Sie das oft zuerst an Ihrer Haut \u2013 sie wirkt fahl, spannt, reagiert schneller gereizt. Gleichzeitig f\u00fchlen sich viele Menschen im Winter m\u00fcder, empfindlicher und gestresster. Moderne Winterpflege sch\u00fctzt deshalb nicht nur die Haut, sondern unterst\u00fctzt [&hellip;]<\/p>\n","protected":false},"author":2,"featured_media":215502,"comment_status":"open","ping_status":"open","sticky":false,"template":"","format":"standard","meta":{"_et_pb_use_builder":"off","_et_pb_old_content":"","_et_gb_content_width":"","footnotes":""},"categories":[2,10],"tags":[93,88,81,94],"class_list":["post-215501","post","type-post","status-publish","format-standard","has-post-thumbnail","hentry","category-beauty","category-alle","tag-hautpflege-winter","tag-pharmos-natur","tag-rosel-heim-2","tag-winterroutine"],"_links":{"self":[{"href":"https:\/\/www.claresco-cosmetic.de\/kosmetik-blog\/wp-json\/wp\/v2\/posts\/215501","targetHints":{"allow":["GET"]}}],"collection":[{"href":"https:\/\/www.claresco-cosmetic.de\/kosmetik-blog\/wp-json\/wp\/v2\/posts"}],"about":[{"href":"https:\/\/www.claresco-cosmetic.de\/kosmetik-blog\/wp-json\/wp\/v2\/types\/post"}],"author":[{"embeddable":true,"href":"https:\/\/www.claresco-cosmetic.de\/kosmetik-blog\/wp-json\/wp\/v2\/users\/2"}],"replies":[{"embeddable":true,"href":"https:\/\/www.claresco-cosmetic.de\/kosmetik-blog\/wp-json\/wp\/v2\/comments?post=215501"}],"version-history":[{"count":5,"href":"https:\/\/www.claresco-cosmetic.de\/kosmetik-blog\/wp-json\/wp\/v2\/posts\/215501\/revisions"}],"predecessor-version":[{"id":215546,"href":"https:\/\/www.claresco-cosmetic.de\/kosmetik-blog\/wp-json\/wp\/v2\/posts\/215501\/revisions\/215546"}],"wp:featuredmedia":[{"embeddable":true,"href":"https:\/\/www.claresco-cosmetic.de\/kosmetik-blog\/wp-json\/wp\/v2\/media\/215502"}],"wp:attachment":[{"href":"https:\/\/www.claresco-cosmetic.de\/kosmetik-blog\/wp-json\/wp\/v2\/media?parent=215501"}],"wp:term":[{"taxonomy":"category","embeddable":true,"href":"https:\/\/www.claresco-cosmetic.de\/kosmetik-blog\/wp-json\/wp\/v2\/categories?post=215501"},{"taxonomy":"post_tag","embeddable":true,"href":"https:\/\/www.claresco-cosmetic.de\/kosmetik-blog\/wp-json\/wp\/v2\/tags?post=215501"}],"curies":[{"name":"wp","href":"https:\/\/api.w.org\/{rel}","templated":true}]}}