{"id":515,"date":"2020-05-06T20:41:05","date_gmt":"2020-05-06T18:41:05","guid":{"rendered":"https:\/\/www.claresco-cosmetic.de\/kosmetik-blog\/?p=515"},"modified":"2022-09-29T10:51:25","modified_gmt":"2022-09-29T08:51:25","slug":"fusspflege-neu-gedacht","status":"publish","type":"post","link":"https:\/\/www.claresco-cosmetic.de\/kosmetik-blog\/fusspflege-neu-gedacht\/","title":{"rendered":"Fu\u00dfpflege neu gedacht"},"content":{"rendered":"\n<p>Juhuuu&#8230; endlich geht es weiter, auch f\u00fcr uns! Wir d\u00fcrfen zumindest lt. der neuesten <a href=\"https:\/\/www.baden-wuerttemberg.de\/de\/service\/aktuelle-infos-zu-corona\/aktuelle-corona-verordnung-des-landes-baden-wuerttemberg\/\" target=\"_blank\" rel=\"noopener\">Corona Landesverordnung<\/a> wieder Fusspflege-Behandlungen anbieten! Alle freuen sich riesig &#8211; man will ja schlie\u00dflich nicht wie Struwwelpeter rumlaufen! .<\/p>\n\n\n\n<figure class=\"wp-block-image size-large\"><img loading=\"lazy\" decoding=\"async\" width=\"1024\" height=\"1017\" src=\"https:\/\/www.claresco-cosmetic.de\/kosmetik-blog\/wp-content\/uploads\/2020\/05\/fusspflege-opening-1024x1017.jpg\" alt=\"\" class=\"wp-image-526\" srcset=\"https:\/\/www.claresco-cosmetic.de\/kosmetik-blog\/wp-content\/uploads\/2020\/05\/fusspflege-opening-1024x1017.jpg 1024w, https:\/\/www.claresco-cosmetic.de\/kosmetik-blog\/wp-content\/uploads\/2020\/05\/fusspflege-opening-300x298.jpg 300w, https:\/\/www.claresco-cosmetic.de\/kosmetik-blog\/wp-content\/uploads\/2020\/05\/fusspflege-opening-150x150.jpg 150w, https:\/\/www.claresco-cosmetic.de\/kosmetik-blog\/wp-content\/uploads\/2020\/05\/fusspflege-opening-768x763.jpg 768w, https:\/\/www.claresco-cosmetic.de\/kosmetik-blog\/wp-content\/uploads\/2020\/05\/fusspflege-opening-1070x1063.jpg 1070w, https:\/\/www.claresco-cosmetic.de\/kosmetik-blog\/wp-content\/uploads\/2020\/05\/fusspflege-opening.jpg 1142w\" sizes=\"(max-width: 1024px) 100vw, 1024px\" \/><\/figure>\n\n\n\n<div class=\"wp-block-buttons is-layout-flex wp-block-buttons-is-layout-flex\">\n<div class=\"wp-block-button\"><a class=\"wp-block-button__link has-background\" href=\"https:\/\/www.claresco-cosmetic.de\/kosmetik-shop\/produkt-kategorie\/termine\/termine-fuesse\/\" style=\"background-color:#86becc\" rel=\"https:\/\/www.claresco-cosmetic.de\/kosmetik-shop\/termine-buchen\/\">Hier klicken f\u00fcr Termine<\/a><\/div>\n<\/div>\n\n\n\n<div style=\"height:60px\" aria-hidden=\"true\" class=\"wp-block-spacer\"><\/div>\n\n\n\n\n\n<p>Auch an den F\u00fcssen arbeiten wir nur mit speziellen hochwertigen und gesunden Produkten. Gerade die Haut an den F\u00fcssen wird leider zu oft vernachl\u00e4ssigt. Bei speziellen Hautproblemen verwenden wir Produkte der regulativen Hauttherapie nach <a href=\"https:\/\/www.claresco-cosmetic.de\/rosel-heim-hauttherapie\/\">Rosel Heim natur+science.<\/a><\/p>\n\n\n\n<div style=\"height:30px\" aria-hidden=\"true\" class=\"wp-block-spacer\"><\/div>\n\n\n\n<div class=\"wp-block-media-text alignwide has-media-on-the-right is-stacked-on-mobile\"><figure class=\"wp-block-media-text__media\"><img loading=\"lazy\" decoding=\"async\" width=\"650\" height=\"1024\" src=\"https:\/\/www.claresco-cosmetic.de\/kosmetik-blog\/wp-content\/uploads\/2020\/05\/claresco-blog-alessandrospa-1-650x1024.jpg\" alt=\"\" class=\"wp-image-528 size-full\" srcset=\"https:\/\/www.claresco-cosmetic.de\/kosmetik-blog\/wp-content\/uploads\/2020\/05\/claresco-blog-alessandrospa-1-650x1024.jpg 650w, https:\/\/www.claresco-cosmetic.de\/kosmetik-blog\/wp-content\/uploads\/2020\/05\/claresco-blog-alessandrospa-1-190x300.jpg 190w, https:\/\/www.claresco-cosmetic.de\/kosmetik-blog\/wp-content\/uploads\/2020\/05\/claresco-blog-alessandrospa-1-768x1211.jpg 768w, https:\/\/www.claresco-cosmetic.de\/kosmetik-blog\/wp-content\/uploads\/2020\/05\/claresco-blog-alessandrospa-1-975x1536.jpg 975w, https:\/\/www.claresco-cosmetic.de\/kosmetik-blog\/wp-content\/uploads\/2020\/05\/claresco-blog-alessandrospa-1-1070x1687.jpg 1070w, https:\/\/www.claresco-cosmetic.de\/kosmetik-blog\/wp-content\/uploads\/2020\/05\/claresco-blog-alessandrospa-1.jpg 1142w\" sizes=\"(max-width: 650px) 100vw, 650px\" \/><\/figure><div class=\"wp-block-media-text__content\">\n<p class=\"has-text-align-left\">Neben den regulativen Produkten zur Hautpflege gefallen uns die Produkte von Alessandro zur Haut- und Nagelpflege auch sehr gut und wir k\u00f6nnen die veganen und nachhaltigen Produkte mit Microsilber weiterempfehlen. Wir verwenden diese auch in bei den Behandlungen..<\/p>\n<\/div><\/div>\n\n\n\n<div style=\"height:30px\" aria-hidden=\"true\" class=\"wp-block-spacer\"><\/div>\n\n\n\n\n\n<p><strong><em>Hautprobleme<\/em><\/strong> beginnen mit der Ansiedlung sch\u00e4dlicher Keime auf der Hautoberfl\u00e4che. Erg\u00e4nzend entstehen Keime auch durch wechselnde Einfl\u00fcsse von au\u00dfen, wie Umweltverschmutzung, Stress, ungesunde Ern\u00e4hrungsweise und schlechte Lebensgewohnheiten. Die Haut reagiert auf diese Einfl\u00fcsse zunehmend gereizt. Die Folge sind Hautirritationen, die sich in Form von einer schuppigen, juckenden oder trockenen Hautoberfl\u00e4che bemerkbar machen. <\/p>\n\n\n\n<figure class=\"wp-block-image size-large\"><img loading=\"lazy\" decoding=\"async\" width=\"1024\" height=\"717\" src=\"https:\/\/www.claresco-cosmetic.de\/kosmetik-blog\/wp-content\/uploads\/2020\/05\/claresco-blog-fusspflege-peeling-1024x717.jpg\" alt=\"\" class=\"wp-image-531\" srcset=\"https:\/\/www.claresco-cosmetic.de\/kosmetik-blog\/wp-content\/uploads\/2020\/05\/claresco-blog-fusspflege-peeling-1024x717.jpg 1024w, https:\/\/www.claresco-cosmetic.de\/kosmetik-blog\/wp-content\/uploads\/2020\/05\/claresco-blog-fusspflege-peeling-300x210.jpg 300w, https:\/\/www.claresco-cosmetic.de\/kosmetik-blog\/wp-content\/uploads\/2020\/05\/claresco-blog-fusspflege-peeling-768x538.jpg 768w, https:\/\/www.claresco-cosmetic.de\/kosmetik-blog\/wp-content\/uploads\/2020\/05\/claresco-blog-fusspflege-peeling-1070x750.jpg 1070w, https:\/\/www.claresco-cosmetic.de\/kosmetik-blog\/wp-content\/uploads\/2020\/05\/claresco-blog-fusspflege-peeling.jpg 1142w\" sizes=\"(max-width: 1024px) 100vw, 1024px\" \/><\/figure>\n\n\n\n<p>Das Mikrosilber entfaltet seine Wirksamkeit auf der Hautoberfl\u00e4che und zeichnet sich besonders durch die Langzeitwirkung aus. Silberionen legen sich wie ein Netz \u00fcber die Haut und k\u00f6nnen sch\u00e4dliche Keime, Viren und Bakterien bek\u00e4mpfen. Die nat\u00fcrliche Hautbarriere wird stabilisiert und verhindert dadurch ein Eindringen von Bakterien und Keimen auf der Haut. Eine l\u00f6sungsorientierte Pflege f\u00fcr F\u00fcsse und Fussn\u00e4gel; ein zuverl\u00e4ssiger Schutz vor Keimen und Bakterien!<\/p>\n\n\n\n<div style=\"height:20px\" aria-hidden=\"true\" class=\"wp-block-spacer\"><\/div>\n\n\n\n<figure class=\"wp-block-image size-large\"><img loading=\"lazy\" decoding=\"async\" width=\"1024\" height=\"717\" src=\"https:\/\/www.claresco-cosmetic.de\/kosmetik-blog\/wp-content\/uploads\/2020\/05\/claresco-blog-fusspflege-wasser-1024x717.jpg\" alt=\"\" class=\"wp-image-532\" srcset=\"https:\/\/www.claresco-cosmetic.de\/kosmetik-blog\/wp-content\/uploads\/2020\/05\/claresco-blog-fusspflege-wasser-1024x717.jpg 1024w, https:\/\/www.claresco-cosmetic.de\/kosmetik-blog\/wp-content\/uploads\/2020\/05\/claresco-blog-fusspflege-wasser-300x210.jpg 300w, https:\/\/www.claresco-cosmetic.de\/kosmetik-blog\/wp-content\/uploads\/2020\/05\/claresco-blog-fusspflege-wasser-768x538.jpg 768w, https:\/\/www.claresco-cosmetic.de\/kosmetik-blog\/wp-content\/uploads\/2020\/05\/claresco-blog-fusspflege-wasser-1070x750.jpg 1070w, https:\/\/www.claresco-cosmetic.de\/kosmetik-blog\/wp-content\/uploads\/2020\/05\/claresco-blog-fusspflege-wasser.jpg 1142w\" sizes=\"(max-width: 1024px) 100vw, 1024px\" \/><\/figure>\n\n\n\n<div style=\"height:30px\" aria-hidden=\"true\" class=\"wp-block-spacer\"><\/div>\n\n\n\n<p>Zum Thema F\u00fcsse gibt es noch viel interessantes zu erz\u00e4hlen&#8230; mehr dazu findest du bald hier&#8230;.<\/p>\n","protected":false},"excerpt":{"rendered":"<p>Juhuuu&#8230; endlich geht es weiter, auch f\u00fcr uns! Wir d\u00fcrfen zumindest lt. der neuesten Corona Landesverordnung wieder Fusspflege-Behandlungen anbieten! Alle freuen sich riesig &#8211; man will ja schlie\u00dflich nicht wie Struwwelpeter rumlaufen! . Auch an den F\u00fcssen arbeiten wir nur mit speziellen hochwertigen und gesunden Produkten. Gerade die Haut an den F\u00fcssen wird leider zu [&hellip;]<\/p>\n","protected":false},"author":2,"featured_media":518,"comment_status":"open","ping_status":"open","sticky":false,"template":"","format":"standard","meta":{"_et_pb_use_builder":"","_et_pb_old_content":"","_et_gb_content_width":"","footnotes":""},"categories":[6,2],"tags":[56,24,53,51,52,40,48,49,57,54],"class_list":["post-515","post","type-post","status-publish","format-standard","has-post-thumbnail","hentry","category-gesundheit","category-beauty","tag-alessandro","tag-clean-beauty","tag-corona","tag-fuesse","tag-fusspflege","tag-gesundheit","tag-haut","tag-hautpflege","tag-pedikuere","tag-rosel-heim"],"_links":{"self":[{"href":"https:\/\/www.claresco-cosmetic.de\/kosmetik-blog\/wp-json\/wp\/v2\/posts\/515","targetHints":{"allow":["GET"]}}],"collection":[{"href":"https:\/\/www.claresco-cosmetic.de\/kosmetik-blog\/wp-json\/wp\/v2\/posts"}],"about":[{"href":"https:\/\/www.claresco-cosmetic.de\/kosmetik-blog\/wp-json\/wp\/v2\/types\/post"}],"author":[{"embeddable":true,"href":"https:\/\/www.claresco-cosmetic.de\/kosmetik-blog\/wp-json\/wp\/v2\/users\/2"}],"replies":[{"embeddable":true,"href":"https:\/\/www.claresco-cosmetic.de\/kosmetik-blog\/wp-json\/wp\/v2\/comments?post=515"}],"version-history":[{"count":5,"href":"https:\/\/www.claresco-cosmetic.de\/kosmetik-blog\/wp-json\/wp\/v2\/posts\/515\/revisions"}],"predecessor-version":[{"id":213832,"href":"https:\/\/www.claresco-cosmetic.de\/kosmetik-blog\/wp-json\/wp\/v2\/posts\/515\/revisions\/213832"}],"wp:featuredmedia":[{"embeddable":true,"href":"https:\/\/www.claresco-cosmetic.de\/kosmetik-blog\/wp-json\/wp\/v2\/media\/518"}],"wp:attachment":[{"href":"https:\/\/www.claresco-cosmetic.de\/kosmetik-blog\/wp-json\/wp\/v2\/media?parent=515"}],"wp:term":[{"taxonomy":"category","embeddable":true,"href":"https:\/\/www.claresco-cosmetic.de\/kosmetik-blog\/wp-json\/wp\/v2\/categories?post=515"},{"taxonomy":"post_tag","embeddable":true,"href":"https:\/\/www.claresco-cosmetic.de\/kosmetik-blog\/wp-json\/wp\/v2\/tags?post=515"}],"curies":[{"name":"wp","href":"https:\/\/api.w.org\/{rel}","templated":true}]}}